{"id":106290,"date":"2024-03-05T07:53:01","date_gmt":"2024-03-05T06:53:01","guid":{"rendered":"https:\/\/lemandalamoris.com\/les-galeries-dart-de-la-pointe-aux-canonniers\/"},"modified":"2026-08-30T22:31:56","modified_gmt":"2026-08-30T20:31:56","slug":"las-galerias-de-arte-de-pointe-aux-canonniers","status":"publish","type":"post","link":"https:\/\/lemandalamoris.com\/es\/las-galerias-de-arte-de-pointe-aux-canonniers\/","title":{"rendered":"Las galer\u00edas de arte de Pointe aux Canonniers"},"content":{"rendered":"<h2>Un ecosistema art\u00edstico vibrante<\/h2>\n<p>Mauricio, aunque modesta en tama\u00f1o con solo <strong>65 km de largo<\/strong>, sorprende por la riqueza y la diversidad de su panorama cultural y art\u00edstico. Las galer\u00edas de arte de Pointe aux Canonniers son el testimonio vivo de este impulso creativo, ofreciendo a los visitantes la oportunidad de explorar un <em>panorama art\u00edstico<\/em> tanto local como internacional.<\/p>\n<h2>Una diversidad de expresiones<\/h2>\n<p>En el coraz\u00f3n de Pointe aux Canonniers, las galer\u00edas de arte se distinguen por la <strong>diversidad de sus colecciones<\/strong>, presentando obras de artistas mauricianos e internacionales. Esta variedad crea un espacio de di\u00e1logo entre diferentes culturas y perspectivas, enriqueciendo la experiencia de todo amante del arte o curioso de paso.<\/p>\n<h2>Promoci\u00f3n del arte local e internacional<\/h2>\n<p><img decoding=\"async\" title=\"Promoci\u00f3n del arte local e internacional\" src=\"http:\/\/lemandalamoris.com\/wp-content\/uploads\/2024\/03\/promotion-de-l26rsquo3Bart-local-et-international.jpg\" alt=\"Promoci\u00f3n del arte local e internacional\" \/><\/p>\n<p>Las galer\u00edas desempe\u00f1an un papel crucial en la <em>promoci\u00f3n del trabajo art\u00edstico<\/em> dentro de la isla y m\u00e1s all\u00e1 de sus fronteras. Al poner de relieve los talentos locales e invitar a artistas de renombre internacional, contribuyen a convertir Pointe aux Canonniers en un din\u00e1mico cruce cultural, donde el arte florece e inspira.<\/p>\n<h2>Conclusi\u00f3n<\/h2>\n<p>La escena art\u00edstica de Pointe aux Canonniers representa una faceta esencial de la identidad cultural de Mauricio. Al explorar las galer\u00edas de arte de esta regi\u00f3n, los visitantes pueden esperar una experiencia enriquecedora, marcada por el descubrimiento y el asombro. Es una invitaci\u00f3n a sumergirse en el coraz\u00f3n de la creatividad mauriciana y a celebrar la belleza de la expresi\u00f3n art\u00edstica en todas sus formas.<\/p>\n","protected":false},"excerpt":{"rendered":"<p>Un ecosistema art\u00edstico vibrante Mauricio, aunque modesta en tama\u00f1o con solo 65 km de largo, sorprende por la riqueza y la diversidad de su panorama cultural y art\u00edstico. Las galer\u00edas de arte de Pointe aux Canonniers son el testimonio vivo de este impulso creativo, ofreciendo a los visitantes la oportunidad de explorar un panorama art\u00edstico [&hellip;]<\/p>\n","protected":false},"author":1,"featured_media":106291,"comment_status":"closed","ping_status":"closed","sticky":false,"template":"","format":"standard","meta":{"_seopress_titles_title":"Las galer\u00edas de arte de Pointe aux Canonniers","_seopress_titles_desc":"Un ecosistema art\u00edstico vibrante Mauricio, aunque modesta en tama\u00f1o con solo 65 km de largo, sorprende por la riqueza y la diversidad de su panorama cultural y art\u00edstico.","_seopress_robots_index":"","_seopress_robots_follow":"","_seopress_robots_imageindex":"","_seopress_robots_snippet":"","_seopress_robots_primary_cat":"none","_seopress_robots_breadcrumbs":"","_seopress_robots_freeze_modified_date":"","_seopress_robots_custom_modified_date":"","_seopress_robots_canonical":"","_seopress_social_fb_title":"","_seopress_social_fb_desc":"","_seopress_social_fb_img":"","_seopress_social_fb_img_attachment_id":0,"_seopress_social_fb_img_width":0,"_seopress_social_fb_img_height":0,"_seopress_social_twitter_title":"","_seopress_social_twitter_desc":"","_seopress_social_twitter_img":"","_seopress_social_twitter_img_attachment_id":0,"_seopress_social_twitter_img_width":0,"_seopress_social_twitter_img_height":0,"_seopress_redirections_value":"","_seopress_redirections_enabled":"","_seopress_redirections_enabled_regex":"","_seopress_redirections_logged_status":"both","_seopress_redirections_param":"","_seopress_redirections_type":301,"_seopress_analysis_target_kw":"","_et_pb_use_builder":"","_et_pb_old_content":"","_et_gb_content_width":"","footnotes":""},"categories":[110,66],"tags":[],"class_list":["post-106290","post","type-post","status-publish","format-standard","has-post-thumbnail","hentry","category-activites-es","category-noticias"],"_links":{"self":[{"href":"https:\/\/lemandalamoris.com\/es\/wp-json\/wp\/v2\/posts\/106290","targetHints":{"allow":["GET"]}}],"collection":[{"href":"https:\/\/lemandalamoris.com\/es\/wp-json\/wp\/v2\/posts"}],"about":[{"href":"https:\/\/lemandalamoris.com\/es\/wp-json\/wp\/v2\/types\/post"}],"author":[{"embeddable":true,"href":"https:\/\/lemandalamoris.com\/es\/wp-json\/wp\/v2\/users\/1"}],"replies":[{"embeddable":true,"href":"https:\/\/lemandalamoris.com\/es\/wp-json\/wp\/v2\/comments?post=106290"}],"version-history":[{"count":1,"href":"https:\/\/lemandalamoris.com\/es\/wp-json\/wp\/v2\/posts\/106290\/revisions"}],"predecessor-version":[{"id":111750,"href":"https:\/\/lemandalamoris.com\/es\/wp-json\/wp\/v2\/posts\/106290\/revisions\/111750"}],"wp:featuredmedia":[{"embeddable":true,"href":"https:\/\/lemandalamoris.com\/es\/wp-json\/wp\/v2\/media\/106291"}],"wp:attachment":[{"href":"https:\/\/lemandalamoris.com\/es\/wp-json\/wp\/v2\/media?parent=106290"}],"wp:term":[{"taxonomy":"category","embeddable":true,"href":"https:\/\/lemandalamoris.com\/es\/wp-json\/wp\/v2\/categories?post=106290"},{"taxonomy":"post_tag","embeddable":true,"href":"https:\/\/lemandalamoris.com\/es\/wp-json\/wp\/v2\/tags?post=106290"}],"curies":[{"name":"wp","href":"https:\/\/api.w.org\/{rel}","templated":true}]}}